{"id":50393,"date":"2025-09-02T10:41:20","date_gmt":"2025-09-02T10:41:20","guid":{"rendered":"https:\/\/www.botsitter.com\/?p=50393"},"modified":"2025-09-02T10:41:20","modified_gmt":"2025-09-02T10:41:20","slug":"die-turkische-gemeinschaft-in-deutschland-ist-eine-der-bedeutendsten-migrantengruppen-europas-mit-e","status":"publish","type":"post","link":"https:\/\/www.botsitter.com\/die-turkische-gemeinschaft-in-deutschland-ist-eine-der-bedeutendsten-migrantengruppen-europas-mit-e.htm","title":{"rendered":"Die t\u00fcrkische Gemeinschaft in Deutschland ist eine der bedeutendsten Migrantengruppen Europas. Mit e"},"content":{"rendered":"<section>\n<h2 style=\"color: #0056b3;\">Einleitung: Mehr als nur Zahlen \u2013 die Bedeutung der t\u00fcrkischen Gemeinschaft in Deutschland<\/h2>\n<p style=\"font-size: 1.1em;\">Die t\u00fcrkische Gemeinschaft in Deutschland ist eine der bedeutendsten Migrantengruppen Europas. Mit einer Bev\u00f6lkerung von etwa 3 Millionen Menschen z\u00e4hlt sie zu den gr\u00f6\u00dften ethnischen Minderheiten im Bundesgebiet. Diese Gemeinschaft hat im Laufe der Jahrzehnte eine komplexe, vielschichtige Identit\u00e4t entwickelt, die soziale, kulturelle und wirtschaftliche Dimensionen umfasst. Hinter den Zahlen stehen individuelle Geschichten, gesellschaftliche Herausforderungen und ein kontinuierlicher Wandel, der das Bild einer integrierten, aber gleichzeitig vielf\u00e4ltigen deutschen Gesellschaft pr\u00e4gt.<\/p>\n<\/section>\n<section>\n<h2 style=\"color: #0056b3; margin-top: 40px;\">Historische Entwicklung und Migration<\/h2>\n<p style=\"font-size: 1.1em;\">Die erste gro\u00dfe Welle t\u00fcrkischer Arbeitsmigranten kam Anfang der 1960er Jahre im Rahmen des sogenannten Anwerbeabkommens zwischen Deutschland und der T\u00fcrkei. Ziel war es, den Arbeitskr\u00e4ftemangel in Deutschland zu kompensieren. Von anf\u00e4nglich begrenzten arbeitsbezogenen Transfers entwickelte sich die t\u00fcrkische Community rasch zu einer dauerhaften Pr\u00e4senz, konserviert durch Familienzusammenf\u00fchrung und soziale Netzwerke.<\/p>\n<p style=\"font-size: 1.1em;\">Der demografische Wandel, politische Entwicklungen in der T\u00fcrkei sowie die Globalisierung haben diese Gemeinschaft gepr\u00e4gt. Laut Daten des Statistischen Bundesamtes ist die t\u00fcrkischst\u00e4mmige Bev\u00f6lkerung heute ein integraler Bestandteil der deutschen Gesellschaft, wobei sie vielf\u00e4ltige Identit\u00e4ten und Erfahrungen repr\u00e4sentiert.<\/p>\n<\/section>\n<section>\n<h2 style=\"color: #0056b3; margin-top: 40px;\">Gesellschaftliche Herausforderungen und Chancen<\/h2>\n<table style=\"width:100%; border-collapse: collapse; margin-top: 20px; box-shadow: 0 0 10px rgba(0,0,0,0.05);\">\n<thead>\n<tr style=\"background-color: #f0f8ff;\">\n<th style=\"border: 1px solid #ccc; padding: 10px;\">Aspekt<\/th>\n<th style=\"border: 1px solid #ccc; padding: 10px;\">Beschreibung<\/th>\n<\/tr>\n<\/thead>\n<tbody>\n<tr>\n<td style=\"border: 1px solid #ccc; padding: 10px;\"><strong>Integration<\/strong><\/td>\n<td style=\"border: 1px solid #ccc; padding: 10px;\">Obwohl viele t\u00fcrkischst\u00e4mmige Deutsche erfolgreich in den Arbeitsmarkt integriert sind, bestehen weiterhin Barrieren bei gesellschaftlicher Teilhabe, Bildung und politischer Partizipation.<\/td>\n<\/tr>\n<tr>\n<td style=\"border: 1px solid #ccc; padding: 10px;\"><strong>Kulturelle Identit\u00e4t<\/strong><\/td>\n<td style=\"border: 1px solid #ccc; padding: 10px;\">Die Bewahrung kultureller Traditionen bei gleichzeitiger Anpassung an deutsche Normen schafft eine hybride Identit\u00e4t, die sowohl Chancen als auch Konflikte mit sich bringt.<\/td>\n<\/tr>\n<tr>\n<td style=\"border: 1px solid #ccc; padding: 10px;\"><strong>Nebenwirkungen des demografischen Wandels<\/strong><\/td>\n<td style=\"border: 1px solid #ccc; padding: 10px;\">Der demografische Wandel f\u00fchrt zu einer Zunahme \u00e4lterer Migrantenpopulationen und Herausforderungen beim Zugang zu Gesundheits- und Sozialsystemen.<\/td>\n<\/tr>\n<\/tbody>\n<\/table>\n<p style=\"font-size: 1.1em; margin-top: 20px;\">Hierbei spielen weiterhin gesellschaftspolitische Ma\u00dfnahmen eine entscheidende Rolle, um Chancen zu maximieren und Herausforderungen gesellschaftlich zu bew\u00e4ltigen.<\/p>\n<\/section>\n<section>\n<h2 style=\"color: #0056b3; margin-top: 40px;\">Kulturelle Beitr\u00e4ge und gesellschaftliche Bedeutung<\/h2>\n<p style=\"font-size: 1.1em;\">Die t\u00fcrkische Gemeinschaft hat erheblichen Einfluss auf die kulturelle Landschaft Deutschlands. Von kulinarischen Traditionen bis hin zur Musik, Kunst und sozialem Unternehmertum \u2013 die vielf\u00e4ltigen Beitr\u00e4ge sind integraler Bestandteil der deutschen Identit\u00e4t geworden.<\/p>\n<blockquote style=\"background-color: #f9f9f9; border-left: 4px solid #0056b3; padding: 15px; margin: 20px 0; font-style: italic;\"><p>\n\u201eDie kulturelle Vielfalt bereichert die Gesellschaft auf vielf\u00e4ltige Weise und schafft eine Plattform f\u00fcr Dialog und gegenseitiges Verst\u00e4ndnis.\u201c \u2013 so eine Analyse des <a href=\"https:\/\/anadol24.de\/\">anadol24.de<\/a>.\n<\/p><\/blockquote>\n<p style=\"font-size: 1.1em;\">Die Plattform bietet kontinuierlich fundierte Berichte, Interviews und Hintergrundanalysen \u00fcber die Entwicklungen in der t\u00fcrkischen Gemeinschaft in Deutschland, wodurch sie eine bedeutende Quelle f\u00fcr gesellschaftliche Diskussionen ist.<\/p>\n<\/section>\n<section>\n<h2 style=\"color: #0056b3; margin-top: 40px;\">Zukunftsperspektiven: Integration, Partizipation und kulturelle Dynamik<\/h2>\n<p style=\"font-size: 1.1em;\">Die Herausforderungen und Chancen f\u00fcr die t\u00fcrkische Gemeinschaft in Deutschland bleiben dynamisch. Mit Blick auf Bildungspolitik, Arbeitsmarktintegration und gesellschaftlichen Zusammenhalt sind nachhaltige Strategien gefragt, um die Vielfalt als Ressource zu nutzen.<\/p>\n<p style=\"font-size: 1.1em;\">Initiativen, die den Dialog zwischen den Generationen und Kulturen f\u00f6rdern, sind essenziell, um eine inklusive Gesellschaft zu gestalten, die die Erfahrungen und Traditionen der Gemeinschaft wertsch\u00e4tzt.<\/p>\n<p style=\"font-size: 1.1em;\">Hierbei profitieren Medien, Organisationen und politische Akteure von qualitativ hochwertigen Informationsquellen wie anadol24.de, um gesellschaftliche Entwicklungen fundiert zu verfolgen und gezielt zu intervenieren.<\/p>\n<\/section>\n","protected":false},"excerpt":{"rendered":"<p>Einleitung: Mehr als nur Zahlen \u2013 die Bedeutung der t\u00fcrkischen Gemeinschaft in Deutschland Die t\u00fcrkische Gemeinschaft in Deutschland ist eine der bedeutendsten Migrantengruppen Europas. Mit einer Bev\u00f6lkerung von etwa 3 Millionen Menschen z\u00e4hlt sie zu den gr\u00f6\u00dften ethnischen Minderheiten im Bundesgebiet. Diese Gemeinschaft hat im Laufe der Jahrzehnte eine komplexe, vielschichtige Identit\u00e4t entwickelt, die soziale, [&hellip;]<\/p>\n","protected":false},"author":22,"featured_media":0,"comment_status":"","ping_status":"","sticky":false,"template":"","format":"standard","meta":{"footnotes":""},"categories":[],"tags":[],"class_list":["post-50393","post","type-post","status-publish","format-standard","hentry"],"_links":{"self":[{"href":"https:\/\/www.botsitter.com\/wp-json\/wp\/v2\/posts\/50393","targetHints":{"allow":["GET"]}}],"collection":[{"href":"https:\/\/www.botsitter.com\/wp-json\/wp\/v2\/posts"}],"about":[{"href":"https:\/\/www.botsitter.com\/wp-json\/wp\/v2\/types\/post"}],"author":[{"embeddable":true,"href":"https:\/\/www.botsitter.com\/wp-json\/wp\/v2\/users\/22"}],"replies":[{"embeddable":true,"href":"https:\/\/www.botsitter.com\/wp-json\/wp\/v2\/comments?post=50393"}],"version-history":[{"count":0,"href":"https:\/\/www.botsitter.com\/wp-json\/wp\/v2\/posts\/50393\/revisions"}],"wp:attachment":[{"href":"https:\/\/www.botsitter.com\/wp-json\/wp\/v2\/media?parent=50393"}],"wp:term":[{"taxonomy":"category","embeddable":true,"href":"https:\/\/www.botsitter.com\/wp-json\/wp\/v2\/categories?post=50393"},{"taxonomy":"post_tag","embeddable":true,"href":"https:\/\/www.botsitter.com\/wp-json\/wp\/v2\/tags?post=50393"}],"curies":[{"name":"wp","href":"https:\/\/api.w.org\/{rel}","templated":true}]}}